{"headers": {"id": "ID", "ano": "Ano", "numero": "N\u00famero", "tipo__sigla": "Tipo de Mat\u00e9ria Legislativa/Sigla", "tipo__descricao": "Tipo de Mat\u00e9ria Legislativa/Descri\u00e7\u00e3o", "autoria": "Autorias", "texto_original": "Texto Original", "ementa": "Ementa"}, "results": [{"id": "734", "ano": "2026", "numero": "5", "tipo__sigla": "PLOE", "tipo__descricao": "Projeto de Lei Ordin\u00e1ria do Executivo", "autoria": "Cl\u00e1udio Mannarino", "texto_original": "http://sapl.comendadorlevygasparian.rj.leg.br/media/sapl/public/materialegislativa/2026/734/04-_projeto_de_lei.pdf", "ementa": "Disp\u00f5e sobre a prorroga\u00e7\u00e3o excepcional do prazo para requerimento de isen\u00e7\u00e3o do IPTU para o exerc\u00edcio de 2026, o art. 189 da Lei Complementar n\u00ba 01, de 15 de mar\u00e7o de 2024, no \u00e2mbito do Munic\u00edpio de Comendador Levy Gasparian, e d\u00e1 outras provid\u00eancias."}, {"id": "776", "ano": "2026", "numero": "7", "tipo__sigla": "PLOE", "tipo__descricao": "Projeto de Lei Ordin\u00e1ria do Executivo", "autoria": "Cl\u00e1udio Mannarino", "texto_original": "http://sapl.comendadorlevygasparian.rj.leg.br/media/", "ementa": "Disp\u00f5e sobre a autoriza\u00e7\u00e3o da prorroga\u00e7\u00e3o do vencimento da primeira parcela e da cota \u00fanica do IPTU referente ao exerc\u00edcio de 2026, no \u00e2mbito do Munic\u00edpio de Comendador Levy Gasparian, e d\u00e1 outras provid\u00eancias."}]}