{"headers": {"id": "ID", "ano": "Ano", "numero": "N\u00famero", "tipo__sigla": "Tipo de Mat\u00e9ria Legislativa/Sigla", "tipo__descricao": "Tipo de Mat\u00e9ria Legislativa/Descri\u00e7\u00e3o", "autoria": "Autorias", "texto_original": "Texto Original", "ementa": "Ementa"}, "results": [{"id": "172", "ano": "2025", "numero": "30", "tipo__sigla": "PRIND", "tipo__descricao": "Proposi\u00e7\u00e3o de Indica\u00e7\u00e3o", "autoria": "Diego do Fiquinho", "texto_original": "http://sapl.comendadorlevygasparian.rj.leg.br/media/sapl/public/materialegislativa/2025/172/indicacao_2025-030.doc", "ementa": "O Vereador que esta subscreve, nos termos regimentais, indica o envio de expediente ao Exmo. Sr. Prefeito Municipal para que determine ao setor competente que adote medidas que promovam a acessibilidade de pessoas portadoras de defici\u00eancia \u00e0 sede da prefeitura e aos demais \u00f3rg\u00e3os p\u00fablicos do Munic\u00edpio."}]}