{"headers": {"id": "ID", "ano": "Ano", "numero": "N\u00famero", "tipo__sigla": "Tipo de Mat\u00e9ria Legislativa/Sigla", "tipo__descricao": "Tipo de Mat\u00e9ria Legislativa/Descri\u00e7\u00e3o", "autoria": "Autorias", "texto_original": "Texto Original", "ementa": "Ementa"}, "results": [{"id": "42", "ano": "2024", "numero": "38", "tipo__sigla": "PRIND", "tipo__descricao": "Proposi\u00e7\u00e3o de Indica\u00e7\u00e3o", "autoria": "L\u00e9a da Imp\u00e9rio", "texto_original": "http://sapl.comendadorlevygasparian.rj.leg.br/media/sapl/public/materialegislativa/2024/42/indicacao_2024-038.doc", "ementa": "Sr. Prefeito Municipal para que determine ao setor competente que reinstale as traves de ambas as metas do campinho de futebol em frente \u00e0 Prefeitura."}, {"id": "65", "ano": "2024", "numero": "44", "tipo__sigla": "PRIND", "tipo__descricao": "Proposi\u00e7\u00e3o de Indica\u00e7\u00e3o", "autoria": "Tiago Maia", "texto_original": "http://sapl.comendadorlevygasparian.rj.leg.br/media/sapl/public/materialegislativa/2024/65/indicacao_2024-044.doc", "ementa": "O Vereador que esta subscreve, nos termos regimentais, indica o envio de expediente ao Exmo. Sr. Prefeito Municipal para que viabilize a desapropria\u00e7\u00e3o do campo do Esporte Clube Serrariense, no Centro, e que, posteriormente, realize as seguintes obras de revitaliza\u00e7\u00e3o no referido espa\u00e7o: constru\u00e7\u00e3o de arquibancadas e de quadra de \u00e1rea e pista de atletismo, melhorias dos vesti\u00e1rios e da quadra poliesportiva, instala\u00e7\u00e3o de refletores e de telas de prote\u00e7\u00e3o no entorno do campo, constru\u00e7\u00e3o de espa\u00e7o para estacionamento e instala\u00e7\u00e3o de uma academia p\u00fablica municipal."}, {"id": "77", "ano": "2024", "numero": "14", "tipo__sigla": "MOC", "tipo__descricao": "Mo\u00e7\u00e3o", "autoria": "L\u00e9a da Imp\u00e9rio", "texto_original": "http://sapl.comendadorlevygasparian.rj.leg.br/media/sapl/public/materialegislativa/2024/77/mocao_2024-014.doc", "ementa": "Requeiro, nos termos regimentais, que seja registrada, nos anais desta Casa, MO\u00c7\u00c3O DE PARABENIZA\u00c7\u00c3O ao Grupo de Teatro Idoso Artista, por suas brilhantes apresenta\u00e7\u00f5es para as crian\u00e7as no Centro do Idoso na Pra\u00e7a de Mont Serrat e nos eventos culturais do Munic\u00edpio, o que o torna digno merecedor do reconhecimento p\u00fablico."}, {"id": "78", "ano": "2024", "numero": "15", "tipo__sigla": "MOC", "tipo__descricao": "Mo\u00e7\u00e3o", "autoria": "L\u00e9a da Imp\u00e9rio", "texto_original": "http://sapl.comendadorlevygasparian.rj.leg.br/media/sapl/public/materialegislativa/2024/78/mocao_2024-015.doc", "ementa": "Requeiro, nos termos regimentais, que seja registrada, nos anais desta Casa, MO\u00c7\u00c3O DE PARABENIZA\u00c7\u00c3O ao Grupo de Dan\u00e7a Carimbozeiras da Melhor Idade, que encantou o p\u00fablico no Sarau da Educa\u00e7\u00e3o, no Centro do Idoso e nos eventos culturais do Munic\u00edpio, o que o torna digno merecedor do reconhecimento p\u00fablico."}]}