{"headers": {"id": "ID", "ano": "Ano", "numero": "N\u00famero", "tipo__sigla": "Tipo de Mat\u00e9ria Legislativa/Sigla", "tipo__descricao": "Tipo de Mat\u00e9ria Legislativa/Descri\u00e7\u00e3o", "autoria": "Autorias", "texto_original": "Texto Original", "ementa": "Ementa"}, "results": [{"id": "5", "ano": "2021", "numero": "1", "tipo__sigla": "PCFO", "tipo__descricao": "Parecer Comiss\u00e3o de Finan\u00e7as e Or\u00e7amento", "autoria": "CPFO - Comiss\u00e3o Permanente de Finan\u00e7as e Or\u00e7amento", "texto_original": "http://sapl.comendadorlevygasparian.rj.leg.br/media/sapl/public/materialegislativa/2021/5/001-2021-4_-_rel_com_finanancas_e_orcamento.pdf", "ementa": "Prorroga o prazo do Decreto Legislativo n\u00ba 541 de 1\u00ba de outubro de 2020, e d\u00e1 outras provid\u00eancias."}, {"id": "4", "ano": "2021", "numero": "1", "tipo__sigla": "PCJR", "tipo__descricao": "Parecer Comiss\u00e3o e Justi\u00e7a e Reda\u00e7\u00e3o", "autoria": "CPJR - Comiss\u00e3o Permanente de Justi\u00e7a e Reda\u00e7\u00e3o", "texto_original": "http://sapl.comendadorlevygasparian.rj.leg.br/media/sapl/public/materialegislativa/2021/4/001-2021-3_-_rel_com_justica_e_redacao.pdf", "ementa": "Prorroga o prazo do Decreto Legislativo n\u00ba 541 de 1\u00ba de outubro de 2020, e d\u00e1 outras provid\u00eancias."}, {"id": "6", "ano": "2021", "numero": "1", "tipo__sigla": "PCOSP", "tipo__descricao": "Parecer Com de Obras, Srvs P\u00fablicos, Educ e Sa\u00fade", "autoria": "CPOSPES - Comiss\u00e3o Permanente de Obras, Servi\u00e7os P\u00fablicos, Educa\u00e7\u00e3o e Sa\u00fade", "texto_original": "http://sapl.comendadorlevygasparian.rj.leg.br/media/sapl/public/materialegislativa/2021/6/001-2021-5_-_rel_obras_servicos_publicos_educ_e_saude.pdf", "ementa": "Prorroga o prazo do Decreto Legislativo n\u00ba 541 de 1\u00ba de outubro de 2020, e d\u00e1 outras provid\u00eancias."}, {"id": "323", "ano": "2021", "numero": "0", "tipo__sigla": "PDL", "tipo__descricao": "Projeto de Decreto Legislativo", "autoria": "Jos\u00e9 Fernando Cheffer", "texto_original": "http://sapl.comendadorlevygasparian.rj.leg.br/media/sapl/public/materialegislativa/2021/323/03-_certidao_de_decisao.pdf", "ementa": "Aprova as Contas Anuais do Poder Executivo, referentes ao Exerc\u00edcio de 2020."}, {"id": "578", "ano": "2021", "numero": "39", "tipo__sigla": "PLOE", "tipo__descricao": "Projeto de Lei Ordin\u00e1ria do Executivo", "autoria": "Cl\u00e1udio Mannarino", "texto_original": "http://sapl.comendadorlevygasparian.rj.leg.br/media/sapl/public/materialegislativa/2021/578/05-projeto_de_lei_no39.pdf", "ementa": "Institui o Fundo Municipal de Cultura de Comendador Levy Gasparian e d\u00e1 outras provid\u00eancias."}, {"id": "515", "ano": "2021", "numero": "3", "tipo__sigla": "PRES", "tipo__descricao": "Projeto de Resolu\u00e7\u00e3o", "autoria": "Mesa Diretora Bi\u00eanio 2021/2022", "texto_original": "http://sapl.comendadorlevygasparian.rj.leg.br/media/sapl/public/materialegislativa/2021/515/02-_projeto_de_resolucao.pdf", "ementa": "Disp\u00f5e sobre a institui\u00e7\u00e3o e a regulamenta\u00e7\u00e3o da verba indenizat\u00f3ria de Cota para o Exerc\u00edcio da Atividade Parlamentar Municipal \u2014 CEAPM no\r\nexerc\u00edcio parlamentar."}]}