{"id":743,"__str__":"Mo\u00e7\u00e3o n\u00ba 8 de 2026","link_detail_backend":"/materia/743","metadata":{},"numero":8,"ano":2026,"numero_protocolo":null,"data_apresentacao":"2026-03-30","tipo_apresentacao":"E","data_publicacao":null,"numero_origem_externa":"","ano_origem_externa":null,"data_origem_externa":null,"apelido":"","dias_prazo":null,"data_fim_prazo":null,"em_tramitacao":true,"polemica":false,"objeto":"","complementar":false,"ementa":"Requeiro, nos termos regimentais, que seja registrada, nos anais desta Casa, MO\u00c7\u00c3O DE PARABENIZA\u00c7\u00c3O \u00e0 Sra. Giselle Protta Neiva, Perita Criminal, ID n.\u00ba 5.037.553-9, integrante do Posto Regional de Pol\u00edcia T\u00e9cnico-Cient\u00edfica de Tr\u00eas Rios \u2013 PRPTC-TR. A presente homenagem acontece em raz\u00e3o de seu destacado trabalho t\u00e9cnico desenvolvido em um importante \u00f3rg\u00e3o que administra per\u00edcias criminal\u00edsticas e m\u00e9dico-legais, realiza an\u00e1lises cient\u00edficas de vest\u00edgios e produz provas t\u00e9cnicas para a Justi\u00e7a. A extrema dedica\u00e7\u00e3o profissional e a compet\u00eancia da homenageada garantem a efici\u00eancia e a qualidade dos servi\u00e7os prestados ao setor de seguran\u00e7a p\u00fablica, o que a torna digna merecedora do reconhecimento p\u00fablico.","indexacao":"","observacao":"","resultado":"","texto_original":"http://sapl.comendadorlevygasparian.rj.leg.br/media/sapl/public/materialegislativa/2026/743/mocao_2026-008.doc","data_ultima_atualizacao":"2026-04-09T08:27:39.360005-03:00","ip":"189.113.74.49","ultima_edicao":"2026-04-09T08:27:39.224026-03:00","tipo":12,"regime_tramitacao":1,"tipo_origem_externa":null,"local_origem_externa":null,"user":15,"anexadas":[],"autores":[6]}