{"id":741,"__str__":"Mo\u00e7\u00e3o n\u00ba 6 de 2026","link_detail_backend":"/materia/741","metadata":{},"numero":6,"ano":2026,"numero_protocolo":null,"data_apresentacao":"2026-03-30","tipo_apresentacao":"E","data_publicacao":null,"numero_origem_externa":"","ano_origem_externa":null,"data_origem_externa":null,"apelido":"","dias_prazo":null,"data_fim_prazo":null,"em_tramitacao":true,"polemica":false,"objeto":"","complementar":false,"ementa":"Requeiro, nos termos regimentais, que seja registrada, nos anais desta Casa, MO\u00c7\u00c3O DE PARABENIZA\u00c7\u00c3O ao Sr. Andr\u00e9 da Silva Freitas, Perito Criminal, ID n.\u00ba 4.379.624-9, integrante do Posto Regional de Pol\u00edcia T\u00e9cnico-Cient\u00edfica de Tr\u00eas Rios \u2013 PRPTC-TR. A presente homenagem acontece em raz\u00e3o de sua elogi\u00e1vel atua\u00e7\u00e3o t\u00e9cnica desenvolvida em um importante \u00f3rg\u00e3o que administra per\u00edcias criminal\u00edsticas e m\u00e9dico-legais, realiza an\u00e1lises cient\u00edficas de vest\u00edgios e produz provas t\u00e9cnicas para a Justi\u00e7a. A compet\u00eancia profissional do homenageado \u00e9 a garantia da alta qualidade dos servi\u00e7os prestados \u00e0 popula\u00e7\u00e3o, o que o torna digno merecedor do reconhecimento p\u00fablico.","indexacao":"","observacao":"","resultado":"","texto_original":"http://sapl.comendadorlevygasparian.rj.leg.br/media/sapl/public/materialegislativa/2026/741/mocao_2026-006.doc","data_ultima_atualizacao":"2026-04-09T08:28:02.572257-03:00","ip":"189.113.74.15","ultima_edicao":"2026-04-09T08:28:02.446383-03:00","tipo":12,"regime_tramitacao":1,"tipo_origem_externa":null,"local_origem_externa":null,"user":15,"anexadas":[],"autores":[6]}