{"id":565,"__str__":"Mo\u00e7\u00e3o n\u00ba 14 de 2025","link_detail_backend":"/materia/565","metadata":{},"numero":14,"ano":2025,"numero_protocolo":null,"data_apresentacao":"2025-12-03","tipo_apresentacao":"E","data_publicacao":null,"numero_origem_externa":"","ano_origem_externa":null,"data_origem_externa":null,"apelido":"","dias_prazo":null,"data_fim_prazo":null,"em_tramitacao":false,"polemica":false,"objeto":"","complementar":false,"ementa":"Requeiro, nos termos regimentais, que seja registrada, nos anais desta Casa, MO\u00c7\u00c3O DE PARABENIZA\u00c7\u00c3O ao Senhor Gustavo Stefanon, Segundo-Sargento da Pol\u00edcia Militar, lotado na Se\u00e7\u00e3o de Telem\u00e1tica do 38.\u00ba Batalh\u00e3o de Pol\u00edcia Militar \u2013 Tr\u00eas Rios, RG PMERJ 86.270, em raz\u00e3o de seus servi\u00e7os prestados para a seguran\u00e7a da popula\u00e7\u00e3o gaspariense, o que o torna digno merecedor do reconhecimento p\u00fablico.","indexacao":"","observacao":"","resultado":"","texto_original":"http://sapl.comendadorlevygasparian.rj.leg.br/media/sapl/public/materialegislativa/2025/565/mocao_2025-014.doc","data_ultima_atualizacao":"2025-12-04T09:29:15.869038-03:00","ip":"170.233.51.160","ultima_edicao":"2025-12-03T13:44:39.617619-03:00","tipo":12,"regime_tramitacao":1,"tipo_origem_externa":null,"local_origem_externa":null,"user":15,"anexadas":[],"autores":[11]}