{"id":356,"__str__":"Projeto de Lei Ordin\u00e1ria do Executivo n\u00ba 28 de 2023","link_detail_backend":"/materia/356","metadata":{},"numero":28,"ano":2023,"numero_protocolo":null,"data_apresentacao":"2023-07-05","tipo_apresentacao":"E","data_publicacao":null,"numero_origem_externa":"","ano_origem_externa":null,"data_origem_externa":null,"apelido":"","dias_prazo":null,"data_fim_prazo":null,"em_tramitacao":false,"polemica":false,"objeto":"","complementar":false,"ementa":"Disp\u00f5e sobre a amortiza\u00e7\u00e3o do defici t\u00e9cnico atuarial do Munic\u00edpio para com o Levy Prey para o exerc\u00edcio de 2023 e d\u00e1 outras provid\u00eancias.","indexacao":"Levy Prev\r\nd\u00e9ficit t\u00e9cnico","observacao":"PROC 67/2023","resultado":"","texto_original":null,"data_ultima_atualizacao":"2025-07-29T12:06:35.665546-03:00","ip":"177.55.205.106","ultima_edicao":"2025-07-29T11:16:19.668990-03:00","tipo":32,"regime_tramitacao":1,"tipo_origem_externa":null,"local_origem_externa":null,"user":31,"anexadas":[],"autores":[16]}