{"id":299,"__str__":"Projeto de Lei Ordin\u00e1ria do Legislativo n\u00ba 1 de 2023","link_detail_backend":"/materia/299","metadata":{"signs":{"texto_original":{"admin":[],"autores":[["Camara do Municipio de Comendador Levy Gasparian",["2025-07-10T12:06:41-03:00","ICP-Brasil - presencial"]]]}}},"numero":1,"ano":2023,"numero_protocolo":null,"data_apresentacao":"2023-02-06","tipo_apresentacao":"E","data_publicacao":null,"numero_origem_externa":"","ano_origem_externa":null,"data_origem_externa":null,"apelido":"","dias_prazo":null,"data_fim_prazo":null,"em_tramitacao":false,"polemica":false,"objeto":"","complementar":false,"ementa":"Disp\u00f5e sobre a proibi\u00e7\u00e3o da cobran\u00e7a de sacolas pl\u00e1sticas por parte de estabelecimentos comerciais e da outras provid\u00eancias.","indexacao":"Sacolas\r\nsacolas pl\u00e1sticas\r\nsupermercados","observacao":"PROC 10/2023","resultado":"","texto_original":"http://sapl.comendadorlevygasparian.rj.leg.br/media/sapl/public/materialegislativa/2023/299/02-_projeto_de_lei.pdf","data_ultima_atualizacao":"2025-07-10T12:25:01.476024-03:00","ip":"189.113.67.138","ultima_edicao":"2025-07-10T12:07:21.520665-03:00","tipo":33,"regime_tramitacao":1,"tipo_origem_externa":null,"local_origem_externa":null,"user":31,"anexadas":[],"autores":[30]}