{"id":279,"__str__":"Proposi\u00e7\u00e3o de Indica\u00e7\u00e3o n\u00ba 49 de 2025","link_detail_backend":"/materia/279","metadata":{},"numero":49,"ano":2025,"numero_protocolo":null,"data_apresentacao":"2025-06-23","tipo_apresentacao":"E","data_publicacao":null,"numero_origem_externa":"","ano_origem_externa":null,"data_origem_externa":null,"apelido":"","dias_prazo":null,"data_fim_prazo":null,"em_tramitacao":false,"polemica":false,"objeto":"","complementar":false,"ementa":"A Vereadora que esta subscreve, nos termos regimentais, indica o envio de expediente ao Exmo. Sr. Prefeito Municipal para que determine ao setor competente a realiza\u00e7\u00e3o de reforma geral na Pra\u00e7a Almeida Card\u00e3o, em Afonso Arinos, com a execu\u00e7\u00e3o das seguintes melhorias: servi\u00e7o de reforma do parque infantil, troca das telas da quadra, reforma dos aparelhos de gin\u00e1stica, troca de refletores e manuten\u00e7\u00e3o da rede el\u00e9trica.","indexacao":"","observacao":"","resultado":"","texto_original":"http://sapl.comendadorlevygasparian.rj.leg.br/media/sapl/public/materialegislativa/2025/279/indicacao_2025-049.doc","data_ultima_atualizacao":"2025-06-26T11:20:13.624440-03:00","ip":"170.233.51.9","ultima_edicao":"2025-06-24T09:33:55.153639-03:00","tipo":10,"regime_tramitacao":1,"tipo_origem_externa":null,"local_origem_externa":null,"user":15,"anexadas":[],"autores":[5]}