{"id":104,"__str__":"Proposi\u00e7\u00e3o de Indica\u00e7\u00e3o n\u00ba 1 de 2025","link_detail_backend":"/materia/104","metadata":{},"numero":1,"ano":2025,"numero_protocolo":null,"data_apresentacao":"2025-02-03","tipo_apresentacao":"E","data_publicacao":null,"numero_origem_externa":"","ano_origem_externa":null,"data_origem_externa":null,"apelido":"","dias_prazo":null,"data_fim_prazo":null,"em_tramitacao":false,"polemica":false,"objeto":"","complementar":false,"ementa":"A Vereadora que esta subscreve, nos termos regimentais, indica o envio de expediente ao Exmo. Sr. Prefeito Municipal para que determine ao setor competente que realize reforma da Escola Municipalizada Salathiel Machado da Fonseca, em Afonso Arinos.","indexacao":"","observacao":"","resultado":"","texto_original":"http://sapl.comendadorlevygasparian.rj.leg.br/media/sapl/public/materialegislativa/2025/104/indicacao_2025-001.doc","data_ultima_atualizacao":"2025-02-05T12:44:39.364700-03:00","ip":"189.113.68.113","ultima_edicao":"2025-02-03T15:44:53.020274-03:00","tipo":10,"regime_tramitacao":1,"tipo_origem_externa":null,"local_origem_externa":null,"user":15,"anexadas":[],"autores":[5]}