{"id":4141,"__str__":"Parecer CJR - Comiss\u00e3o Justi\u00e7a e reda\u00e7\u00e3o de 16/07/2018 por Comiss\u00e3o Justi\u00e7a e Reda\u00e7\u00e3o","link_detail_backend":"/materia/documentoacessorio/4141","metadata":{"signs":{"arquivo":{"admin":[],"autores":[["Camara do Municipio de Comendador Levy Gasparian",["2026-04-24T08:23:09-03:00","ICP-Brasil - videoconferencia"]]]}}},"nome":"Comiss\u00e3o Justi\u00e7a e reda\u00e7\u00e3o","data":"2018-07-16","autor":"Comiss\u00e3o Justi\u00e7a e Reda\u00e7\u00e3o","ementa":"","indexacao":"","arquivo":"http://sapl.comendadorlevygasparian.rj.leg.br/media/sapl/public/documentoacessorio/2018/4141/05-par_cjr.pdf","data_ultima_atualizacao":"2026-04-24T08:27:02.439245-03:00","materia":797,"tipo":11}