{"id":3750,"__str__":"Parecer CJR - COMISS\u00c3O DE JUSTI\u00c7A E REDA\u00c7\u00c3O de 18/09/2019 por COMISS\u00c3O DE JUSTI\u00c7A E REDA\u00c7\u00c3O","link_detail_backend":"/materia/documentoacessorio/3750","metadata":{"signs":{"arquivo":{"admin":[],"autores":[["Camara do Municipio de Comendador Levy Gasparian",["2026-03-11T15:51:53-03:00","ICP-Brasil - videoconferencia"]]]}}},"nome":"COMISS\u00c3O DE JUSTI\u00c7A E REDA\u00c7\u00c3O","data":"2019-09-18","autor":"COMISS\u00c3O DE JUSTI\u00c7A E REDA\u00c7\u00c3O","ementa":"","indexacao":"","arquivo":"http://sapl.comendadorlevygasparian.rj.leg.br/media/sapl/public/documentoacessorio/2019/3750/05-par_cjr.pdf","data_ultima_atualizacao":"2026-03-12T10:31:51.022697-03:00","materia":711,"tipo":11}