{"id":2218,"__str__":"Aut\u00f3grafo - AUT\u00d3GRAFO de 02/08/2022 por JOS\u00c9 FERNANDO CHEFFER","link_detail_backend":"/materia/documentoacessorio/2218","metadata":{"signs":{"arquivo":{"admin":[],"autores":[["Camara do Municipio de Comendador Levy Gasparian",["2025-10-06T12:24:09-03:00","ICP-Brasil - presencial"]]]}}},"nome":"AUT\u00d3GRAFO","data":"2022-08-02","autor":"JOS\u00c9 FERNANDO CHEFFER","ementa":"","indexacao":"","arquivo":"http://sapl.comendadorlevygasparian.rj.leg.br/media/sapl/public/documentoacessorio/2022/2218/14-autografo.pdf","data_ultima_atualizacao":"2025-10-06T12:31:19.090055-03:00","materia":471,"tipo":3}