{"id":213,"__str__":"Parecer Jur\u00eddico - PARECER JUR\u00cdDICO de 10/02/2025 por ANT\u00d4NIO SAMUEL CARLOS  C\u00c9SAR","link_detail_backend":"/materia/documentoacessorio/213","metadata":{"signs":{"arquivo":{"admin":[],"autores":[["Camara do Municipio de Comendador Levy Gasparian",["2025-05-29T08:50:44-03:00","ICP-Brasil - presencial"]]]}}},"nome":"PARECER JUR\u00cdDICO","data":"2025-02-10","autor":"ANT\u00d4NIO SAMUEL CARLOS  C\u00c9SAR","ementa":"","indexacao":"","arquivo":"http://sapl.comendadorlevygasparian.rj.leg.br/media/sapl/public/documentoacessorio/2025/213/14-_par_juridico.pdf","data_ultima_atualizacao":"2025-05-29T08:58:41.733177-03:00","materia":117,"tipo":17}