{"id":1008,"__str__":"Parecer CJR - COMISS\u00c3O DE JUSTI\u00c7A E REDA\u00c7\u00c3O de 16/01/2023 por COMISS\u00c3O DE JUSTI\u00c7A E REDA\u00c7\u00c3O","link_detail_backend":"/materia/documentoacessorio/1008","metadata":{"signs":{"arquivo":{"admin":[],"autores":[["Camara do Municipio de Comendador Levy Gasparian",["2025-07-09T16:36:08-03:00","ICP-Brasil - presencial"]]]}}},"nome":"COMISS\u00c3O DE JUSTI\u00c7A E REDA\u00c7\u00c3O","data":"2023-01-16","autor":"COMISS\u00c3O DE JUSTI\u00c7A E REDA\u00c7\u00c3O","ementa":"","indexacao":"","arquivo":"http://sapl.comendadorlevygasparian.rj.leg.br/media/sapl/public/documentoacessorio/2023/1008/12-par_cjr.pdf","data_ultima_atualizacao":"2025-07-09T16:41:24.935096-03:00","materia":287,"tipo":11}