{"id":1002,"__str__":"Documentos Adicionais - edital de convoca\u00e7\u00e3o de 09/01/2023 por JOS\u00c9 FERNANDO CHEFFER","link_detail_backend":"/materia/documentoacessorio/1002","metadata":{"signs":{"arquivo":{"admin":[],"autores":[["Camara do Municipio de Comendador Levy Gasparian",["2025-07-09T16:35:58-03:00","ICP-Brasil - presencial"]]]}}},"nome":"edital de convoca\u00e7\u00e3o","data":"2023-01-09","autor":"JOS\u00c9 FERNANDO CHEFFER","ementa":"","indexacao":"","arquivo":"http://sapl.comendadorlevygasparian.rj.leg.br/media/sapl/public/documentoacessorio/2023/1002/02-_edital_de_convocacao.pdf","data_ultima_atualizacao":"2025-07-09T16:37:34.448381-03:00","materia":287,"tipo":5}